[{"Nome":"LUCINILTON MAGAH\u00c3ES COSTA","Cargo":"SERV.COMPLEMENTARES DE APOIO ADMINISTRATIVO","Secretaria":"SECRETARIA DE INFRAESTRUTURA, URBANISMO E MEIO AMBIENTE","Contrato":"3005.01\/2022-7","Modalidade":"Contrato Original","Data In\u00edcio":"2026-04-10","Data Fim":null,"Credor":"COOPAC- COOPERATIVA DE TRABALHO, ASSEIO E CONSERVA\u00c7\u00c3O","Documento Credor":"44.***.***\/****-41"},{"Nome":"ANA KELILLY","Cargo":"SERV.COMPLEMENTARES DE APOIO ADMINISTRATIVO","Secretaria":"SECRETARIA DE INFRAESTRUTURA, URBANISMO E MEIO AMBIENTE","Contrato":"3005.01\/2022-7","Modalidade":"Contrato Original","Data In\u00edcio":"2026-04-10","Data Fim":null,"Credor":"COOPAC- COOPERATIVA DE TRABALHO, ASSEIO E CONSERVA\u00c7\u00c3O","Documento Credor":"44.***.***\/****-41"},{"Nome":"SARA LOPES DA SILVA","Cargo":"SERV.COMPLEMENTARES DE APOIO ADMINISTRATIVO","Secretaria":"SECRETARIA DE INCLUS\u00c3O E DESENVOLVIMENTO SOCIAL","Contrato":"3005.01\/2022-8","Modalidade":"Contrato Original","Data In\u00edcio":"2026-04-10","Data Fim":null,"Credor":"COOPAC- COOPERATIVA DE TRABALHO, ASSEIO E CONSERVA\u00c7\u00c3O","Documento Credor":"44.***.***\/****-41"},{"Nome":"SAMARA AGUIAR DE LIMA","Cargo":"SERV.COMPLEMENTARES DE APOIO ADMINISTRATIVO","Secretaria":"SECRETARIA DE INCLUS\u00c3O E DESENVOLVIMENTO SOCIAL","Contrato":"3005.01\/2022-8","Modalidade":"Contrato Original","Data In\u00edcio":"2026-04-10","Data Fim":null,"Credor":"COOPAC- COOPERATIVA DE TRABALHO, ASSEIO E CONSERVA\u00c7\u00c3O","Documento Credor":"44.***.***\/****-41"},{"Nome":"NAYARA FLORENCIO TAVARES","Cargo":"SERV.COMPLEMENTARES DE APOIO ADMINISTRATIVO","Secretaria":"SECRETARIA DE INCLUS\u00c3O E DESENVOLVIMENTO SOCIAL","Contrato":"3005.01\/2022-8","Modalidade":"Contrato Original","Data In\u00edcio":"2026-04-10","Data Fim":null,"Credor":"COOPAC- COOPERATIVA DE TRABALHO, ASSEIO E CONSERVA\u00c7\u00c3O","Documento Credor":"44.***.***\/****-41"},{"Nome":"MARIA VITORIA DOS REIS LIMA","Cargo":"SERV.COMPLEMENTARES DE APOIO ADMINISTRATIVO","Secretaria":"SECRETARIA DE INCLUS\u00c3O E DESENVOLVIMENTO SOCIAL","Contrato":"3005.01\/2022-8","Modalidade":"Contrato Original","Data In\u00edcio":"2026-04-10","Data Fim":null,"Credor":"COOPAC- COOPERATIVA DE TRABALHO, ASSEIO E CONSERVA\u00c7\u00c3O","Documento Credor":"44.***.***\/****-41"},{"Nome":"FRANCISCA ERLANE XIMENES DE ARAG\u00c3O","Cargo":"SERV.COMPLEMENTARES DE APOIO ADMINISTRATIVO","Secretaria":"SECRETARIA DE INCLUS\u00c3O E DESENVOLVIMENTO SOCIAL","Contrato":"3005.01\/2022-8","Modalidade":"Contrato Original","Data In\u00edcio":"2026-04-10","Data Fim":null,"Credor":"COOPAC- COOPERATIVA DE TRABALHO, ASSEIO E CONSERVA\u00c7\u00c3O","Documento Credor":"44.***.***\/****-41"},{"Nome":"GELZA AGUIAR FREIRE","Cargo":"SERV.COMPLEMENTARES DE APOIO ADMINISTRATIVO","Secretaria":"SECRETARIA DE INCLUS\u00c3O E DESENVOLVIMENTO SOCIAL","Contrato":"3005.01\/2022-8","Modalidade":"Contrato Original","Data In\u00edcio":"2026-04-10","Data Fim":null,"Credor":"COOPAC- COOPERATIVA DE TRABALHO, ASSEIO E CONSERVA\u00c7\u00c3O","Documento Credor":"44.***.***\/****-41"},{"Nome":"LORRANA ARAUJO ROCHA","Cargo":"SERV.COMPLEMENTARES DE APOIO ADMINISTRATIVO","Secretaria":"SECRETARIA DE INCLUS\u00c3O E DESENVOLVIMENTO SOCIAL","Contrato":"3005.01\/2022-8","Modalidade":"Contrato Original","Data In\u00edcio":"2026-04-10","Data Fim":null,"Credor":"COOPAC- COOPERATIVA DE TRABALHO, ASSEIO E CONSERVA\u00c7\u00c3O","Documento Credor":"44.***.***\/****-41"},{"Nome":"FRANCISCADAS CHAGAS CARMO ALBUQUERQUE","Cargo":"SERV.COMPLEMENTARES DE APOIO ADMINISTRATIVO","Secretaria":"SECRETARIA DE INCLUS\u00c3O E DESENVOLVIMENTO SOCIAL","Contrato":"3005.01\/2022-8","Modalidade":"Contrato Original","Data In\u00edcio":"2026-04-10","Data Fim":null,"Credor":"COOPAC- COOPERATIVA DE TRABALHO, ASSEIO E CONSERVA\u00c7\u00c3O","Documento Credor":"44.***.***\/****-41"},{"Nome":"FRANCISCA  ARYANNY ALMEIDA FERNANDES","Cargo":"SERV.COMPLEMENTARES DE APOIO ADMINISTRATIVO","Secretaria":"SECRETARIA DE INCLUS\u00c3O E DESENVOLVIMENTO SOCIAL","Contrato":"3005.01\/2022-8","Modalidade":"Contrato Original","Data In\u00edcio":"2026-04-10","Data Fim":null,"Credor":"COOPAC- COOPERATIVA DE TRABALHO, ASSEIO E CONSERVA\u00c7\u00c3O","Documento Credor":"44.***.***\/****-41"},{"Nome":"LEIDIANE LIRA DA SILVA","Cargo":"SERV.COMPLEMENTARES DE APOIO ADMINISTRATIVO","Secretaria":"SECRETARIA DE INCLUS\u00c3O E DESENVOLVIMENTO SOCIAL","Contrato":"3005.01\/2022-8","Modalidade":"Contrato Original","Data In\u00edcio":"2026-04-10","Data Fim":null,"Credor":"COOPAC- COOPERATIVA DE TRABALHO, ASSEIO E CONSERVA\u00c7\u00c3O","Documento Credor":"44.***.***\/****-41"},{"Nome":"VANEUDA MARIA DA COSTA","Cargo":"SERV.COMPLEMENTARES DE SERV.GERAIS","Secretaria":"SECRETARIA DE INCLUS\u00c3O E DESENVOLVIMENTO SOCIAL","Contrato":"3005.01\/2022-8","Modalidade":"Contrato Original","Data In\u00edcio":"2026-04-10","Data Fim":null,"Credor":"COOPAC- COOPERATIVA DE TRABALHO, ASSEIO E CONSERVA\u00c7\u00c3O","Documento Credor":"44.***.***\/****-41"},{"Nome":"ELIETE DINIZ SOUSA ROCHA","Cargo":"SERV.COMPLEMENTARES DE SERV.GERAIS","Secretaria":"SECRETARIA DE INCLUS\u00c3O E DESENVOLVIMENTO SOCIAL","Contrato":"3005.01\/2022-8","Modalidade":"Contrato Original","Data In\u00edcio":"2026-04-10","Data Fim":null,"Credor":"COOPAC- COOPERATIVA DE TRABALHO, ASSEIO E CONSERVA\u00c7\u00c3O","Documento Credor":"44.***.***\/****-41"},{"Nome":"ANA NATALIA DIAS MENDES SOUSA","Cargo":"SERV.COMPLEMENTARES DE APOIO ADMINISTRATIVO","Secretaria":"SECRETARIA DE INCLUS\u00c3O E DESENVOLVIMENTO SOCIAL","Contrato":"3005.01\/2022-8","Modalidade":"Contrato Original","Data In\u00edcio":"2026-04-10","Data Fim":null,"Credor":"COOPAC- COOPERATIVA DE TRABALHO, ASSEIO E CONSERVA\u00c7\u00c3O","Documento Credor":"44.***.***\/****-41"},{"Nome":"GABRIELLY NATHANY ALCANTARA MOREIRA","Cargo":"SERV.COMPLEMENTARES DE SERV.GERAIS","Secretaria":"SECRETARIA DE DESENVOLVIMENTO AGR\u00c1RIO E RECURSOS H\u00cdDRICOS","Contrato":"3005.01\/2022-2","Modalidade":"Contrato Original","Data In\u00edcio":"2026-04-10","Data Fim":null,"Credor":"COOPAC- COOPERATIVA DE TRABALHO, ASSEIO E CONSERVA\u00c7\u00c3O","Documento Credor":"44.***.***\/****-41"},{"Nome":"CLAUDERLANE SILVA ROCHA","Cargo":"SERV.COMPLEMENTARES DE SERV.GERAIS","Secretaria":"SECRETARIA DE DESENVOLVIMENTO AGR\u00c1RIO E RECURSOS H\u00cdDRICOS","Contrato":"3005.01\/2022-1","Modalidade":"Contrato Original","Data In\u00edcio":"2026-04-10","Data Fim":null,"Credor":"COOPAC- COOPERATIVA DE TRABALHO, ASSEIO E CONSERVA\u00c7\u00c3O","Documento Credor":"44.***.***\/****-41"},{"Nome":"GRA\u00c7A KEDINA ARAUJO RODRIGUES ANDRADE","Cargo":"SERV.COMPLEMENTARES DE APOIO ADMINISTRATIVO","Secretaria":"Gabinete da Prefeita","Contrato":"3005.01\/2022-2","Modalidade":"Contrato Original","Data In\u00edcio":"2026-04-10","Data Fim":null,"Credor":"COOPAC- COOPERATIVA DE TRABALHO, ASSEIO E CONSERVA\u00c7\u00c3O","Documento Credor":"44.***.***\/****-41"},{"Nome":"MARIA IVONIRA ARAUJO AGUIAR FARIAS","Cargo":"SERV.COMPLEMENTARES DE APOIO ADMINISTRATIVO","Secretaria":"Gabinete da Prefeita","Contrato":"3005.01\/2022-2","Modalidade":"Contrato Original","Data In\u00edcio":"2026-04-10","Data Fim":null,"Credor":"COOPAC- COOPERATIVA DE TRABALHO, ASSEIO E CONSERVA\u00c7\u00c3O","Documento Credor":"44.***.***\/****-41"},{"Nome":"LEIDIANE SAMPAIO DA COSTA","Cargo":"SERV.COMPLEMENTARES DE APOIO ADMINISTRATIVO","Secretaria":"SECRETARIA DE ADMINISTRA\u00c7\u00c3O E PLANEJAMENTO","Contrato":"3005.01\/2022-1","Modalidade":"Contrato Original","Data In\u00edcio":"2026-04-10","Data Fim":null,"Credor":"COOPAC- COOPERATIVA DE TRABALHO, ASSEIO E CONSERVA\u00c7\u00c3O","Documento Credor":"44.***.***\/****-41"},{"Nome":"MARCOS CARVALHO ALBUQUERQUE","Cargo":"SERV.COMPLEMENTARES DE APOIO ADMINISTRATIVO","Secretaria":"SECRETARIA DE ADMINISTRA\u00c7\u00c3O E PLANEJAMENTO","Contrato":"3005.01\/2022-1","Modalidade":"Contrato Original","Data In\u00edcio":"2026-04-10","Data Fim":null,"Credor":"COOPAC- COOPERATIVA DE TRABALHO, ASSEIO E CONSERVA\u00c7\u00c3O","Documento Credor":"44.***.***\/****-41"},{"Nome":"HUDSON ROMARIO RODRIGUES ARAG\u00c3O","Cargo":"SERV.COMPLEMENTARES DE APOIO ADMINISTRATIVO","Secretaria":"SECRETARIA DE ADMINISTRA\u00c7\u00c3O E PLANEJAMENTO","Contrato":"3005.01\/2022-1","Modalidade":"Contrato Original","Data In\u00edcio":"2026-04-10","Data Fim":null,"Credor":"COOPAC- COOPERATIVA DE TRABALHO, ASSEIO E CONSERVA\u00c7\u00c3O","Documento Credor":"44.***.***\/****-41"},{"Nome":"FRANCISCO RYAN SILVEIRA DA COSTA","Cargo":"SERV.COMPLEMENTARES DE APOIO ADMINISTRATIVO","Secretaria":"SECRETARIA DE ADMINISTRA\u00c7\u00c3O E PLANEJAMENTO","Contrato":"3005.01\/2022-1","Modalidade":"Contrato Original","Data In\u00edcio":"2026-04-10","Data Fim":null,"Credor":"COOPAC- COOPERATIVA DE TRABALHO, ASSEIO E CONSERVA\u00c7\u00c3O","Documento Credor":"44.***.***\/****-41"},{"Nome":"MONIELLY DE AMORIM NASCIMENTO","Cargo":"SERV.COMPLEMENTARES DE APOIO ADMINISTRATIVO","Secretaria":"SECRETARIA DE ADMINISTRA\u00c7\u00c3O E PLANEJAMENTO","Contrato":"3005.01\/2022-1","Modalidade":"Contrato Original","Data In\u00edcio":"2026-04-10","Data Fim":null,"Credor":"COOPAC- COOPERATIVA DE TRABALHO, ASSEIO E CONSERVA\u00c7\u00c3O","Documento Credor":"44.***.***\/****-41"},{"Nome":"MOISES DE CARVALHO BASILIO","Cargo":"SERV.COMPLEMENTARES DE VIGILANCIA","Secretaria":"SECRETARIA DE ADMINISTRA\u00c7\u00c3O E PLANEJAMENTO","Contrato":"3005.01\/2022-1","Modalidade":"Contrato Original","Data In\u00edcio":"2026-04-10","Data Fim":null,"Credor":"COOPAC- COOPERATIVA DE TRABALHO, ASSEIO E CONSERVA\u00c7\u00c3O","Documento Credor":"44.***.***\/****-41"},{"Nome":"JOSE MARIO BARROS MENDES JUNIOR","Cargo":"SERV.COMPLEMENTARES DE APOIO ADMINISTRATIVO","Secretaria":"SECRETARIA DE ADMINISTRA\u00c7\u00c3O E PLANEJAMENTO","Contrato":"3005.01\/2022-1","Modalidade":"Contrato Original","Data In\u00edcio":"2026-04-10","Data Fim":null,"Credor":"COOPAC- COOPERATIVA DE TRABALHO, ASSEIO E CONSERVA\u00c7\u00c3O","Documento Credor":"44.***.***\/****-41"},{"Nome":"ELLEN GUIMARAES ALCANTARA","Cargo":"SERV.COMPLEMENTARES DE APOIO ADMINISTRATIVO","Secretaria":"SECRETARIA DE ADMINISTRA\u00c7\u00c3O E PLANEJAMENTO","Contrato":"3005.01\/2022-1","Modalidade":"Contrato Original","Data In\u00edcio":"2026-04-10","Data Fim":null,"Credor":"COOPAC- COOPERATIVA DE TRABALHO, ASSEIO E CONSERVA\u00c7\u00c3O","Documento Credor":"44.***.***\/****-41"},{"Nome":"MARCOS VINICIUS SOUSA COSTA","Cargo":"SERV.COMPLEMENTARES DE SERV.GERAIS","Secretaria":"SECRETARIA DE ADMINISTRA\u00c7\u00c3O E PLANEJAMENTO","Contrato":"3005.01\/2022-1","Modalidade":"Contrato Original","Data In\u00edcio":"2026-04-10","Data Fim":null,"Credor":"COOPAC- COOPERATIVA DE TRABALHO, ASSEIO E CONSERVA\u00c7\u00c3O","Documento Credor":"44.***.***\/****-41"},{"Nome":"JOSE TUPINAMBA DE SOUSA ALCANTARA","Cargo":"SERV.COMPLEMENTARES DE SERV.GERAIS","Secretaria":"SECRETARIA DE ADMINISTRA\u00c7\u00c3O E PLANEJAMENTO","Contrato":"3005.01\/2022-1","Modalidade":"Contrato Original","Data In\u00edcio":"2026-04-10","Data Fim":null,"Credor":"COOPAC- COOPERATIVA DE TRABALHO, ASSEIO E CONSERVA\u00c7\u00c3O","Documento Credor":"44.***.***\/****-41"},{"Nome":"BENEDITO SILVA DO NASCIMENTO","Cargo":"SERV.COMPLEMENTARES DE SERV.GERAIS","Secretaria":"SECRETARIA DE ADMINISTRA\u00c7\u00c3O E PLANEJAMENTO","Contrato":"3005.01\/2022-1","Modalidade":"Contrato Original","Data In\u00edcio":"2026-04-10","Data Fim":null,"Credor":"COOPAC- COOPERATIVA DE TRABALHO, ASSEIO E CONSERVA\u00c7\u00c3O","Documento Credor":"44.***.***\/****-41"},{"Nome":"FRANCISCO NICOLAS ALCANTARA LIMA","Cargo":"SERV.COMPLEMENTARES DE SERV.GERAIS","Secretaria":"SECRETARIA DE ADMINISTRA\u00c7\u00c3O E PLANEJAMENTO","Contrato":"3005.01\/2022-1","Modalidade":"Contrato Original","Data In\u00edcio":"2026-04-10","Data Fim":null,"Credor":"COOPAC- COOPERATIVA DE TRABALHO, ASSEIO E CONSERVA\u00c7\u00c3O","Documento Credor":"44.***.***\/****-41"},{"Nome":"FRANCISCO AIRTON DA SILVA ALVES","Cargo":"SERV.COMPLEMENTARES DE SERV.GERAIS","Secretaria":"SECRETARIA DE ADMINISTRA\u00c7\u00c3O E PLANEJAMENTO","Contrato":"3005.01\/2022-1","Modalidade":"Contrato Original","Data In\u00edcio":"2026-04-10","Data Fim":null,"Credor":"COOPAC- COOPERATIVA DE TRABALHO, ASSEIO E CONSERVA\u00c7\u00c3O","Documento Credor":"44.***.***\/****-41"},{"Nome":"SILVIA LEIT\u00c3O FERREIRA FREIRE","Cargo":"SERV.COMPLEMENTARES DE APOIO ADMINISTRATIVO","Secretaria":"SECRETARIA DE ADMINISTRA\u00c7\u00c3O E PLANEJAMENTO","Contrato":"3005.01\/2022-1","Modalidade":"Contrato Original","Data In\u00edcio":"2026-04-10","Data Fim":null,"Credor":"COOPAC- COOPERATIVA DE TRABALHO, ASSEIO E CONSERVA\u00c7\u00c3O","Documento Credor":"44.***.***\/****-41"},{"Nome":"LUANA ARAUJO BRAGA","Cargo":"SERV.COMPLEMENTARES DE APOIO ADMINISTRATIVO","Secretaria":"SECRETARIA DE ADMINISTRA\u00c7\u00c3O E PLANEJAMENTO","Contrato":"3005.01\/2022-1","Modalidade":"Contrato Original","Data In\u00edcio":"2026-04-10","Data Fim":null,"Credor":"COOPAC- COOPERATIVA DE TRABALHO, ASSEIO E CONSERVA\u00c7\u00c3O","Documento Credor":"44.***.***\/****-41"},{"Nome":"FRANCISCO JAIRO BRAND\u00c3O","Cargo":"SERV.COMPLEMENTARES DE SERV.GERAIS","Secretaria":"SECRETARIA DE ADMINISTRA\u00c7\u00c3O E PLANEJAMENTO","Contrato":"3005.01\/2022-1","Modalidade":"Contrato Original","Data In\u00edcio":"2026-04-10","Data Fim":null,"Credor":"COOPAC- COOPERATIVA DE TRABALHO, ASSEIO E CONSERVA\u00c7\u00c3O","Documento Credor":"44.***.***\/****-41"},{"Nome":"HERCILIO OLIVEIRA GOMES","Cargo":"SERV.COMPLEMENTARES DE SERV.GERAIS","Secretaria":"SECRETARIA DE ADMINISTRA\u00c7\u00c3O E PLANEJAMENTO","Contrato":"3005.01\/2022-1","Modalidade":"Contrato Original","Data In\u00edcio":"2026-04-10","Data Fim":null,"Credor":"COOPAC- COOPERATIVA DE TRABALHO, ASSEIO E CONSERVA\u00c7\u00c3O","Documento Credor":"44.***.***\/****-41"},{"Nome":"EDVALDO DOMINGO DA SILVA","Cargo":"SERV.COMPLEMENTARES DE SERV.GERAIS","Secretaria":"SECRETARIA DE ADMINISTRA\u00c7\u00c3O E PLANEJAMENTO","Contrato":"3005.01\/2022-1","Modalidade":"Contrato Original","Data In\u00edcio":"2026-04-10","Data Fim":null,"Credor":"COOPAC- COOPERATIVA DE TRABALHO, ASSEIO E CONSERVA\u00c7\u00c3O","Documento Credor":"44.***.***\/****-41"},{"Nome":"BENEDITO DE JESUS COSTA GOMES","Cargo":"SERV.COMPLEMENTARES DE APOIO ADMINISTRATIVO","Secretaria":"SECRETARIA DE DESENVOLVIMENTO AGR\u00c1RIO E RECURSOS H\u00cdDRICOS","Contrato":"3005.01\/2022-1","Modalidade":"Contrato Original","Data In\u00edcio":"2026-04-10","Data Fim":null,"Credor":"COOPAC- COOPERATIVA DE TRABALHO, ASSEIO E CONSERVA\u00c7\u00c3O","Documento Credor":"44.***.***\/****-41"},{"Nome":"MARIA DO SOCORRO MACHADO FREIRE","Cargo":"SERV.COMPLEMENTARES DE APOIO ADMINISTRATIVO","Secretaria":"SECRETARIA DE ADMINISTRA\u00c7\u00c3O E PLANEJAMENTO","Contrato":null,"Modalidade":null,"Data In\u00edcio":"2026-04-10","Data Fim":null,"Credor":"COOPAC- COOPERATIVA DE TRABALHO, ASSEIO E CONSERVA\u00c7\u00c3O","Documento Credor":"44.***.***\/****-41"},{"Nome":"ANTONIA JAMILY VITO DE SOUZA CARVALHO","Cargo":"SERV.COMPLEMENTARES DE APOIO ADMINISTRATIVO","Secretaria":"SECRETARIA DE ADMINISTRA\u00c7\u00c3O E PLANEJAMENTO","Contrato":"3005.01\/2022-1","Modalidade":"Contrato Original","Data In\u00edcio":"2026-04-10","Data Fim":null,"Credor":"COOPAC- COOPERATIVA DE TRABALHO, ASSEIO E CONSERVA\u00c7\u00c3O","Documento Credor":"44.***.***\/****-41"},{"Nome":"JOSE ANTONIO NASCIMENTO CARVALHO","Cargo":"SERV.COMPLEMENTARES DE APOIO ADMINISTRATIVO","Secretaria":"SECRETARIA DE ADMINISTRA\u00c7\u00c3O E PLANEJAMENTO","Contrato":"3005.01\/2022-1","Modalidade":"Contrato Original","Data In\u00edcio":"2026-04-10","Data Fim":null,"Credor":"COOPAC- COOPERATIVA DE TRABALHO, ASSEIO E CONSERVA\u00c7\u00c3O","Documento Credor":"44.***.***\/****-41"},{"Nome":"ERMELINDA ANGELO ALCANTARA","Cargo":"SERV.COMPLEMENTARES DE SERV.GERAIS","Secretaria":"SECRETARIA DE ADMINISTRA\u00c7\u00c3O E PLANEJAMENTO","Contrato":"3005.01\/2022-1","Modalidade":"Contrato Original","Data In\u00edcio":"2026-04-10","Data Fim":null,"Credor":"COOPAC- COOPERATIVA DE TRABALHO, ASSEIO E CONSERVA\u00c7\u00c3O","Documento Credor":"44.***.***\/****-41"},{"Nome":"ANTONIO MARCOS ALVES ARAUJO","Cargo":"SERV.COMPLEMENTARES DE SERV.GERAIS","Secretaria":"SECRETARIA DE ADMINISTRA\u00c7\u00c3O E PLANEJAMENTO","Contrato":"3005.01\/2022-1","Modalidade":"Contrato Original","Data In\u00edcio":"2026-04-10","Data Fim":null,"Credor":"COOPAC- COOPERATIVA DE TRABALHO, ASSEIO E CONSERVA\u00c7\u00c3O","Documento Credor":"44.***.***\/****-41"},{"Nome":"ANA BEATRIZ NUNES DIOGO","Cargo":"SERV.COMPLEMENTARES DE APOIO DE RECEPCIONISTA","Secretaria":"SECRETARIA MUNICIPAL DE SA\u00daDE","Contrato":"3005.01\/2022-4","Modalidade":"Contrato Original","Data In\u00edcio":"2025-02-10","Data Fim":null,"Credor":"COOPAC- COOPERATIVA DE TRABALHO, ASSEIO E CONSERVA\u00c7\u00c3O","Documento Credor":"44.***.***\/****-41"},{"Nome":"MICHELE AMANCIO AMORIN","Cargo":"SERV.COMPLEMENTARES DE APOIO DE RECEPCIONISTA","Secretaria":"SECRETARIA MUNICIPAL DE SA\u00daDE","Contrato":"3005.01\/2022-4","Modalidade":"Contrato Original","Data In\u00edcio":"2025-02-10","Data Fim":null,"Credor":"COOPAC- COOPERATIVA DE TRABALHO, ASSEIO E CONSERVA\u00c7\u00c3O","Documento Credor":"44.***.***\/****-41"},{"Nome":"KLENYLSON VIEIRA MOREIRA","Cargo":"SERV.COMPLEMENTARES DE MOTORISTA","Secretaria":"SECRETARIA MUNICIPAL DE SA\u00daDE","Contrato":"3005.01\/2022-4","Modalidade":"Contrato Original","Data In\u00edcio":"2025-02-10","Data Fim":null,"Credor":"COOPAC- COOPERATIVA DE TRABALHO, ASSEIO E CONSERVA\u00c7\u00c3O","Documento Credor":"44.***.***\/****-41"},{"Nome":"EMIDIA ALVES DA SILVEIRA","Cargo":"SERV.COMPLEMENTARES DE APOIO DE RECEPCIONISTA","Secretaria":"SECRETARIA MUNICIPAL DE SA\u00daDE","Contrato":"3005.01\/2022-4","Modalidade":"Contrato Original","Data In\u00edcio":"2025-02-10","Data Fim":null,"Credor":"COOPAC- COOPERATIVA DE TRABALHO, ASSEIO E CONSERVA\u00c7\u00c3O","Documento Credor":"44.***.***\/****-41"},{"Nome":"MARIA MARQUES ARAUJO ALBUQUERQUE","Cargo":"SERV.COMPLEMENTARES DE SERV.GERAIS","Secretaria":"SECRETARIA MUNICIPAL DE SA\u00daDE","Contrato":"3005.01\/2022-4","Modalidade":"Contrato Original","Data In\u00edcio":"2025-02-10","Data Fim":null,"Credor":"COOPAC- COOPERATIVA DE TRABALHO, ASSEIO E CONSERVA\u00c7\u00c3O","Documento Credor":"44.***.***\/****-41"},{"Nome":"MARIA JOSSANDRA ALCANTARA","Cargo":"SERV.COMPLEMENTARES DE APOIO DE RECEPCIONISTA","Secretaria":"SECRETARIA MUNICIPAL DE SA\u00daDE","Contrato":"3005.01\/2022-4","Modalidade":"Contrato Original","Data In\u00edcio":"2025-02-10","Data Fim":null,"Credor":"COOPAC- COOPERATIVA DE TRABALHO, ASSEIO E CONSERVA\u00c7\u00c3O","Documento Credor":"44.***.***\/****-41"},{"Nome":"FRANCISCO RONIELDER BRAND\u00c3O DE LIMA","Cargo":"SERV.COMPLEMENTARES DE VIGILANCIA","Secretaria":"SECRETARIA MUNICIPAL DE SA\u00daDE","Contrato":"3005.01\/2022-4","Modalidade":"Contrato Original","Data In\u00edcio":"2025-02-10","Data Fim":null,"Credor":"COOPAC- COOPERATIVA DE TRABALHO, ASSEIO E CONSERVA\u00c7\u00c3O","Documento Credor":"44.***.***\/****-41"},{"Nome":"RENATA DO NASCIMENTO FARIAS","Cargo":"SERV.COMPLEMENTARES DE SERV.GERAIS","Secretaria":"SECRETARIA MUNICIPAL DE SA\u00daDE","Contrato":"3005.01\/2022-4","Modalidade":"Contrato Original","Data In\u00edcio":"2025-02-10","Data Fim":null,"Credor":"COOPAC- COOPERATIVA DE TRABALHO, ASSEIO E CONSERVA\u00c7\u00c3O","Documento Credor":"44.***.***\/****-41"},{"Nome":"BRUNA RAIELE SOUSA ROCHA","Cargo":"SERV.COMPLEMENTARES DE APOIO DE RECEPCIONISTA","Secretaria":"SECRETARIA MUNICIPAL DE SA\u00daDE","Contrato":"3005.01\/2022-4","Modalidade":"Contrato Original","Data In\u00edcio":"2025-02-10","Data Fim":null,"Credor":"COOPAC- COOPERATIVA DE TRABALHO, ASSEIO E CONSERVA\u00c7\u00c3O","Documento Credor":"44.***.***\/****-41"},{"Nome":"IARA FREIRE AGUIAR","Cargo":"SERV.COMPLEMENTARES DE APOIO ADMINISTRATIVO","Secretaria":"SECRETARIA MUNICIPAL DE SA\u00daDE","Contrato":"3005.01\/2022-4","Modalidade":"Contrato Original","Data In\u00edcio":"2025-02-10","Data Fim":null,"Credor":"COOPAC- COOPERATIVA DE TRABALHO, ASSEIO E CONSERVA\u00c7\u00c3O","Documento Credor":"44.***.***\/****-41"},{"Nome":"LEONILSON ALCANTARA BENICIO","Cargo":"SERV.COMPLEMENTARES DE APOIO ADMINISTRATIVO","Secretaria":"SECRETARIA MUNICIPAL DE SA\u00daDE","Contrato":"3005.01\/2022-4","Modalidade":"Contrato Original","Data In\u00edcio":"2025-02-10","Data Fim":null,"Credor":"COOPAC- COOPERATIVA DE TRABALHO, ASSEIO E CONSERVA\u00c7\u00c3O","Documento Credor":"44.***.***\/****-41"},{"Nome":"ORENIZA LEANDRO DA COSTA","Cargo":"SERV.COMPLEMENTARES DE SERV.GERAIS","Secretaria":"SECRETARIA MUNICIPAL DE SA\u00daDE","Contrato":"3005.01\/2022-4","Modalidade":"Contrato Original","Data In\u00edcio":"2025-02-10","Data Fim":null,"Credor":"COOPAC- COOPERATIVA DE TRABALHO, ASSEIO E CONSERVA\u00c7\u00c3O","Documento Credor":"44.***.***\/****-41"},{"Nome":"SABRINA BENTO DA SILVA","Cargo":"SERV.COMPLEMENTARES DE SERV.GERAIS","Secretaria":"SECRETARIA MUNICIPAL DE SA\u00daDE","Contrato":"3005.01\/2022-4","Modalidade":"Contrato Original","Data In\u00edcio":"2025-02-10","Data Fim":null,"Credor":"COOPAC- COOPERATIVA DE TRABALHO, ASSEIO E CONSERVA\u00c7\u00c3O","Documento Credor":"44.***.***\/****-41"},{"Nome":"SUZANA PINTO DE LIMA","Cargo":"SERV.COMPLEMENTARES DE SERV.GERAIS","Secretaria":"SECRETARIA MUNICIPAL DE SA\u00daDE","Contrato":"3005.01\/2022-4","Modalidade":"Contrato Original","Data In\u00edcio":"2025-02-10","Data Fim":null,"Credor":"COOPAC- COOPERATIVA DE TRABALHO, ASSEIO E CONSERVA\u00c7\u00c3O","Documento Credor":"44.***.***\/****-41"},{"Nome":"ANTONIA QUINTO MORAES","Cargo":"SERV.COMPLEMENTARES DE APOIO ADMINISTRATIVO","Secretaria":"SECRETARIA MUNICIPAL DE SA\u00daDE","Contrato":"3005.01\/2022-4","Modalidade":"Contrato Original","Data In\u00edcio":"2025-02-10","Data Fim":null,"Credor":"COOPAC- COOPERATIVA DE TRABALHO, ASSEIO E CONSERVA\u00c7\u00c3O","Documento Credor":"44.***.***\/****-41"},{"Nome":"RAIMUNDA GOMES DE SOUSA","Cargo":"SERV.COMPLEMENTARES DE SERV.GERAIS","Secretaria":"SECRETARIA MUNICIPAL DE SA\u00daDE","Contrato":"3005.01\/2022-4","Modalidade":"Contrato Original","Data In\u00edcio":"2025-02-10","Data Fim":null,"Credor":"COOPAC- COOPERATIVA DE TRABALHO, ASSEIO E CONSERVA\u00c7\u00c3O","Documento Credor":"44.***.***\/****-41"},{"Nome":"MARIA PIEDADE MARQUES DE ARAUJO","Cargo":"SERV.COMPLEMENTARES DE APOIO DE RECEPCIONISTA","Secretaria":"SECRETARIA MUNICIPAL DE SA\u00daDE","Contrato":"3005.01\/2022-4","Modalidade":"Contrato Original","Data In\u00edcio":"2025-02-10","Data Fim":null,"Credor":"COOPAC- COOPERATIVA DE TRABALHO, ASSEIO E CONSERVA\u00c7\u00c3O","Documento Credor":"44.***.***\/****-41"},{"Nome":"RAYNARA MENDES FERREIRA DE LIMA","Cargo":"SERV.COMPLEMENTARES DE SERV.GERAIS","Secretaria":"SECRETARIA MUNICIPAL DE SA\u00daDE","Contrato":"3005.01\/2022-4","Modalidade":"Contrato Original","Data In\u00edcio":"2025-02-10","Data Fim":null,"Credor":"COOPAC- COOPERATIVA DE TRABALHO, ASSEIO E CONSERVA\u00c7\u00c3O","Documento Credor":"44.***.***\/****-41"},{"Nome":"MARIA DA CONCEI\u00c7\u00c3O DOMINGOS DA SILVA","Cargo":"SERV.COMPLEMENTARES DE SERV.GERAIS","Secretaria":"SECRETARIA MUNICIPAL DE SA\u00daDE","Contrato":"3005.01\/2022-4","Modalidade":"Contrato Original","Data In\u00edcio":"2025-02-10","Data Fim":null,"Credor":"COOPAC- COOPERATIVA DE TRABALHO, ASSEIO E CONSERVA\u00c7\u00c3O","Documento Credor":"44.***.***\/****-41"},{"Nome":"KATIA PEREIRA DE LIMA","Cargo":"SERV.COMPLEMENTARES DE APOIO DE RECEPCIONISTA","Secretaria":"SECRETARIA MUNICIPAL DE SA\u00daDE","Contrato":"3005.01\/2022-4","Modalidade":"Contrato Original","Data In\u00edcio":"2025-02-10","Data Fim":null,"Credor":"COOPAC- COOPERATIVA DE TRABALHO, ASSEIO E CONSERVA\u00c7\u00c3O","Documento Credor":"44.***.***\/****-41"},{"Nome":"WELLER ARAUJO COSTA","Cargo":"SERV.COMPLEMENTARES DE MOTORISTA","Secretaria":"SECRETARIA MUNICIPAL DE SA\u00daDE","Contrato":"3005.01\/2022-4","Modalidade":"Contrato Original","Data In\u00edcio":"2025-02-10","Data Fim":null,"Credor":"COOPAC- COOPERATIVA DE TRABALHO, ASSEIO E CONSERVA\u00c7\u00c3O","Documento Credor":"44.***.***\/****-41"},{"Nome":"MARIA CLENILDA EMILIANO BRAND\u00c3O","Cargo":"SERV.COMPLEMENTARES DE APOIO DE RECEPCIONISTA","Secretaria":"SECRETARIA MUNICIPAL DE SA\u00daDE","Contrato":"3005.01\/2022-4","Modalidade":"Contrato Original","Data In\u00edcio":"2025-02-10","Data Fim":null,"Credor":"COOPAC- COOPERATIVA DE TRABALHO, ASSEIO E CONSERVA\u00c7\u00c3O","Documento Credor":"44.***.***\/****-41"},{"Nome":"VERONICA MARIA OLIVEIRA","Cargo":"SERV.COMPLEMENTARES DE APOIO DE RECEPCIONISTA","Secretaria":"SECRETARIA MUNICIPAL DE SA\u00daDE","Contrato":"3005.01\/2022-4","Modalidade":"Contrato Original","Data In\u00edcio":"2025-02-10","Data Fim":null,"Credor":"COOPAC- COOPERATIVA DE TRABALHO, ASSEIO E CONSERVA\u00c7\u00c3O","Documento Credor":"44.***.***\/****-41"},{"Nome":"MARIA CELIA FREIRE ALCANATARA","Cargo":"SERV.COMPLEMENTARES DE APOIO DE RECEPCIONISTA","Secretaria":"SECRETARIA MUNICIPAL DE SA\u00daDE","Contrato":"3005.01\/2022-4","Modalidade":"Contrato Original","Data In\u00edcio":"2025-02-10","Data Fim":null,"Credor":"COOPAC- COOPERATIVA DE TRABALHO, ASSEIO E CONSERVA\u00c7\u00c3O","Documento Credor":"44.***.***\/****-41"},{"Nome":"ANA MOREIRA ROCHA","Cargo":"SERV.COMPLEMENTARES DE SERV.GERAIS","Secretaria":"SECRETARIA MUNICIPAL DE SA\u00daDE","Contrato":"3005.01\/2022-4","Modalidade":"Contrato Original","Data In\u00edcio":"2025-02-10","Data Fim":null,"Credor":"COOPAC- COOPERATIVA DE TRABALHO, ASSEIO E CONSERVA\u00c7\u00c3O","Documento Credor":"44.***.***\/****-41"},{"Nome":"ANA RUTH FERNANDES ALCANTARA MOREIRA","Cargo":"SERV.COMPLEMENTARES DE SERV.GERAIS","Secretaria":"SECRETARIA MUNICIPAL DE SA\u00daDE","Contrato":null,"Modalidade":null,"Data In\u00edcio":"2025-02-10","Data Fim":null,"Credor":"COOPAC- COOPERATIVA DE TRABALHO, ASSEIO E CONSERVA\u00c7\u00c3O","Documento Credor":"44.***.***\/****-41"},{"Nome":"LUCIENE VIANA ARAUJO","Cargo":"SERV.COMPLEMENTARES DE SERV.GERAIS","Secretaria":"SECRETARIA MUNICIPAL DE SA\u00daDE","Contrato":"3005.01\/2022-4","Modalidade":"Contrato Original","Data In\u00edcio":"2025-02-10","Data Fim":null,"Credor":"COOPAC- COOPERATIVA DE TRABALHO, ASSEIO E CONSERVA\u00c7\u00c3O","Documento Credor":"44.***.***\/****-41"},{"Nome":"LUCICLEUMA CHAGAS DO NASCIMENTO","Cargo":"SERV.COMPLEMENTARES DE SERV.GERAIS","Secretaria":"SECRETARIA MUNICIPAL DE SA\u00daDE","Contrato":"3005.01\/2022-4","Modalidade":"Contrato Original","Data In\u00edcio":"2025-02-10","Data Fim":null,"Credor":"COOPAC- COOPERATIVA DE TRABALHO, ASSEIO E CONSERVA\u00c7\u00c3O","Documento Credor":"44.***.***\/****-41"},{"Nome":"CARLEANE FREIRE ROCHA LIMA","Cargo":"SERV.COMPLEMENTARES DE RECEPCIONISTA","Secretaria":"SECRETARIA MUNICIPAL DE SA\u00daDE","Contrato":"3005.01\/2022-4","Modalidade":"Contrato Original","Data In\u00edcio":"2025-02-10","Data Fim":null,"Credor":"COOPAC- COOPERATIVA DE TRABALHO, ASSEIO E CONSERVA\u00c7\u00c3O","Documento Credor":"44.***.***\/****-41"},{"Nome":"CLEUDIANE LUCAS DA SILVA","Cargo":"SERV.COMPLEMENTARES DE SERV.GERAIS","Secretaria":"SECRETARIA MUNICIPAL DE SA\u00daDE","Contrato":"3005.01\/2022-4","Modalidade":"Contrato Original","Data In\u00edcio":"2025-02-10","Data Fim":null,"Credor":"COOPAC- COOPERATIVA DE TRABALHO, ASSEIO E CONSERVA\u00c7\u00c3O","Documento Credor":"44.***.***\/****-41"},{"Nome":"KELE RODRIGUES GOMES","Cargo":"SERV.COMPLEMENTARES DE SERV.GERAIS","Secretaria":"SECRETARIA MUNICIPAL DE SA\u00daDE","Contrato":"3005.01\/2022-4","Modalidade":"Contrato Original","Data In\u00edcio":"2025-02-10","Data Fim":null,"Credor":"COOPAC- COOPERATIVA DE TRABALHO, ASSEIO E CONSERVA\u00c7\u00c3O","Documento Credor":"44.***.***\/****-41"},{"Nome":"UDINEUDA MOREIRA DE ALBUQUERQUE","Cargo":"SERV.COMPLEMENTARES DE SERV.GERAIS","Secretaria":"SECRETARIA MUNICIPAL DE SA\u00daDE","Contrato":"3005.01\/2022-4","Modalidade":"Contrato Original","Data In\u00edcio":"2025-02-10","Data Fim":null,"Credor":"COOPAC- COOPERATIVA DE TRABALHO, ASSEIO E CONSERVA\u00c7\u00c3O","Documento Credor":"44.***.***\/****-41"},{"Nome":"KATIANA LOPES DA SILVA","Cargo":"SERV.COMPLEMENTARES DE APOIO DE RECEPCIONISTA","Secretaria":"SECRETARIA MUNICIPAL DE SA\u00daDE","Contrato":"3005.01\/2022-4","Modalidade":"Contrato Original","Data In\u00edcio":"2025-02-10","Data Fim":null,"Credor":"COOPAC- COOPERATIVA DE TRABALHO, ASSEIO E CONSERVA\u00c7\u00c3O","Documento Credor":"44.***.***\/****-41"},{"Nome":"FELIPE ALBUQUERQUE DE PAIVA","Cargo":"SERV.COMPLEMENTARES DE APOIO ADMINISTRATIVO","Secretaria":"SECRETARIA MUNICIPAL DE SA\u00daDE","Contrato":"3005.01\/2022-4","Modalidade":"Contrato Original","Data In\u00edcio":"2025-02-10","Data Fim":null,"Credor":"COOPAC- COOPERATIVA DE TRABALHO, ASSEIO E CONSERVA\u00c7\u00c3O","Documento Credor":"44.***.***\/****-41"},{"Nome":"FRANCISCO ELVIS GOMES","Cargo":"SERV.COMPLEMENTARES DE APOIO ADMINISTRATIVO","Secretaria":"SECRETARIA MUNICIPAL DE EDUCA\u00c7\u00c3O","Contrato":"3005.01\/2022-5","Modalidade":"Contrato Original","Data In\u00edcio":"2025-02-10","Data Fim":null,"Credor":"COOPAC- COOPERATIVA DE TRABALHO, ASSEIO E CONSERVA\u00c7\u00c3O","Documento Credor":"44.***.***\/****-41"},{"Nome":"THALYS HANIEL COSTA RAULINO","Cargo":"SERV.COMPLEMENTARES DE APOIO ADMINISTRATIVO","Secretaria":"SECRETARIA MUNICIPAL DE EDUCA\u00c7\u00c3O","Contrato":"3005.01\/2022-5","Modalidade":"Contrato Original","Data In\u00edcio":"2025-02-10","Data Fim":null,"Credor":"COOPAC- COOPERATIVA DE TRABALHO, ASSEIO E CONSERVA\u00c7\u00c3O","Documento Credor":"44.***.***\/****-41"},{"Nome":"CLEILSON XIMENES ARAG\u00c3O","Cargo":"SERV.COMPLEMENTARES DE VIGILANCIA","Secretaria":"SECRETARIA MUNICIPAL DE EDUCA\u00c7\u00c3O","Contrato":"3005.01\/2022-5","Modalidade":"Contrato Original","Data In\u00edcio":"2025-02-10","Data Fim":null,"Credor":"COOPAC- COOPERATIVA DE TRABALHO, ASSEIO E CONSERVA\u00c7\u00c3O","Documento Credor":"44.***.***\/****-41"},{"Nome":"ATALIBA DOMINGOS DA SILVA NETO","Cargo":"SERV.COMPLEMENTARES DE APOIO ADMINISTRATIVO","Secretaria":"SECRETARIA MUNICIPAL DE EDUCA\u00c7\u00c3O","Contrato":"3005.01\/2022-5","Modalidade":"Contrato Original","Data In\u00edcio":"2025-02-10","Data Fim":null,"Credor":"COOPAC- COOPERATIVA DE TRABALHO, ASSEIO E CONSERVA\u00c7\u00c3O","Documento Credor":"44.***.***\/****-41"},{"Nome":"SAMIA MENDES FONTELES","Cargo":"SERV.COMPLEMENTARES DE APOIO ADMINISTRATIVO","Secretaria":"SECRETARIA MUNICIPAL DE EDUCA\u00c7\u00c3O","Contrato":"3005.01\/2022-5","Modalidade":"Contrato Original","Data In\u00edcio":"2025-02-10","Data Fim":null,"Credor":"COOPAC- COOPERATIVA DE TRABALHO, ASSEIO E CONSERVA\u00c7\u00c3O","Documento Credor":"44.***.***\/****-41"},{"Nome":"JHON SILVA DE MENEZES","Cargo":"SERV.COMPLEMENTARES DE VIGILANCIA","Secretaria":"SECRETARIA MUNICIPAL DE EDUCA\u00c7\u00c3O","Contrato":"3005.01\/2022-5","Modalidade":"Contrato Original","Data In\u00edcio":"2025-02-10","Data Fim":null,"Credor":"COOPAC- COOPERATIVA DE TRABALHO, ASSEIO E CONSERVA\u00c7\u00c3O","Documento Credor":"44.***.***\/****-41"},{"Nome":"MATHEUS ALBUQUERQUE BARROS","Cargo":"SERV.COMPLEMENTARES DE VIGILANCIA","Secretaria":"SECRETARIA MUNICIPAL DE EDUCA\u00c7\u00c3O","Contrato":"3005.01\/2022-5","Modalidade":"Contrato Original","Data In\u00edcio":"2025-02-10","Data Fim":null,"Credor":"COOPAC- COOPERATIVA DE TRABALHO, ASSEIO E CONSERVA\u00c7\u00c3O","Documento Credor":"44.***.***\/****-41"},{"Nome":"JONAS ALBUQUERQUE FREIRE","Cargo":"SERV.COMPLEMENTARES DE VIGILANCIA","Secretaria":"SECRETARIA MUNICIPAL DE EDUCA\u00c7\u00c3O","Contrato":"3005.01\/2022-5","Modalidade":"Contrato Original","Data In\u00edcio":"2025-02-10","Data Fim":null,"Credor":"COOPAC- COOPERATIVA DE TRABALHO, ASSEIO E CONSERVA\u00c7\u00c3O","Documento Credor":"44.***.***\/****-41"},{"Nome":"ROMARIO DO NASCIMENTO CARVALHO","Cargo":"SERV.COMPLEMENTARES DE VIGILANCIA","Secretaria":"SECRETARIA MUNICIPAL DE EDUCA\u00c7\u00c3O","Contrato":"3005.01\/2022-5","Modalidade":"Contrato Original","Data In\u00edcio":"2025-02-10","Data Fim":null,"Credor":"COOPAC- COOPERATIVA DE TRABALHO, ASSEIO E CONSERVA\u00c7\u00c3O","Documento Credor":"44.***.***\/****-41"},{"Nome":"JOYNA FLAIRA CARVALHO DE OLIVEIRA","Cargo":"SERV.COMPLEMENTARES DE APOIO ADMINISTRATIVO","Secretaria":"SECRETARIA MUNICIPAL DE EDUCA\u00c7\u00c3O","Contrato":"3005.01\/2022-5","Modalidade":"Contrato Original","Data In\u00edcio":"2025-02-10","Data Fim":null,"Credor":"COOPAC- COOPERATIVA DE TRABALHO, ASSEIO E CONSERVA\u00c7\u00c3O","Documento Credor":"44.***.***\/****-41"},{"Nome":"CARLA NAYARA FERREIRA MAGALHAES","Cargo":"SERV.COMPLEMENTARES DE SERV.GERAIS","Secretaria":"SECRETARIA MUNICIPAL DE EDUCA\u00c7\u00c3O","Contrato":"3005.01\/2022-5","Modalidade":"Contrato Original","Data In\u00edcio":"2025-02-10","Data Fim":null,"Credor":"COOPAC- COOPERATIVA DE TRABALHO, ASSEIO E CONSERVA\u00c7\u00c3O","Documento Credor":"44.***.***\/****-41"},{"Nome":"BRUNA LIMA ALCANTARA","Cargo":"SERV.COMPLEMENTARES DE APOIO ADMINISTRATIVO","Secretaria":"SECRETARIA MUNICIPAL DE EDUCA\u00c7\u00c3O","Contrato":"3005.01\/2022-5","Modalidade":"Contrato Original","Data In\u00edcio":"2025-02-10","Data Fim":null,"Credor":"COOPAC- COOPERATIVA DE TRABALHO, ASSEIO E CONSERVA\u00c7\u00c3O","Documento Credor":"44.***.***\/****-41"},{"Nome":"AURILENE DIOGO OLIVEIRA ALBUQUERQUE","Cargo":"SERV.COMPLEMENTARES DE SERV.GERAIS","Secretaria":"SECRETARIA MUNICIPAL DE EDUCA\u00c7\u00c3O","Contrato":"3005.01\/2022-5","Modalidade":"Contrato Original","Data In\u00edcio":"2025-02-10","Data Fim":null,"Credor":"COOPAC- COOPERATIVA DE TRABALHO, ASSEIO E CONSERVA\u00c7\u00c3O","Documento Credor":"44.***.***\/****-41"},{"Nome":"ANA GARDENIA LIMA FREIRE","Cargo":"SERV.COMPLEMENTARES DE APOIO ADMINISTRATIVO","Secretaria":"SECRETARIA MUNICIPAL DE EDUCA\u00c7\u00c3O","Contrato":"3005.01\/2022-5","Modalidade":"Contrato Original","Data In\u00edcio":"2025-02-10","Data Fim":null,"Credor":"COOPAC- COOPERATIVA DE TRABALHO, ASSEIO E CONSERVA\u00c7\u00c3O","Documento Credor":"44.***.***\/****-41"},{"Nome":"ANTONIA AGUIAR GALENO","Cargo":"SERV.COMPLEMENTARES DE SERV.GERAIS","Secretaria":"SECRETARIA DE INCLUS\u00c3O E DESENVOLVIMENTO SOCIAL","Contrato":"3005.01\/2022-8","Modalidade":"Contrato Original","Data In\u00edcio":"2025-02-10","Data Fim":null,"Credor":"COOPAC- COOPERATIVA DE TRABALHO, ASSEIO E CONSERVA\u00c7\u00c3O","Documento Credor":"44.***.***\/****-41"},{"Nome":"DENIZE EMANUELLE MAXIMINO TOMAZ","Cargo":"SERV.COMPLEMENTARES DE SERV.GERAIS","Secretaria":"SECRETARIA DE INCLUS\u00c3O E DESENVOLVIMENTO SOCIAL","Contrato":"3005.01\/2022-8","Modalidade":"Contrato Original","Data In\u00edcio":"2025-02-10","Data Fim":null,"Credor":"COOPAC- COOPERATIVA DE TRABALHO, ASSEIO E CONSERVA\u00c7\u00c3O","Documento Credor":"44.***.***\/****-41"},{"Nome":"MARIA VITORIA DOS REIS LIMA","Cargo":"SERV.COMPLEMENTARES DE APOIO ADMINISTRATIVO","Secretaria":"SECRETARIA DE INCLUS\u00c3O E DESENVOLVIMENTO SOCIAL","Contrato":"3005.01\/2022-8","Modalidade":"Contrato Original","Data In\u00edcio":"2025-02-10","Data Fim":null,"Credor":"COOPAC- COOPERATIVA DE TRABALHO, ASSEIO E CONSERVA\u00c7\u00c3O","Documento Credor":"44.***.***\/****-41"},{"Nome":"FRANCISCA DANIELA ANDRE MAGALHAES","Cargo":"SERV.COMPLEMENTARES DE APOIO ADMINISTRATIVO","Secretaria":"SECRETARIA DE INCLUS\u00c3O E DESENVOLVIMENTO SOCIAL","Contrato":"3005.01\/2022-8","Modalidade":"Contrato Original","Data In\u00edcio":"2025-02-10","Data Fim":null,"Credor":"COOPAC- COOPERATIVA DE TRABALHO, ASSEIO E CONSERVA\u00c7\u00c3O","Documento Credor":"44.***.***\/****-41"},{"Nome":"FRANCISCA  ARYANNY ALMEIDA FERNANDES","Cargo":"SERV.COMPLEMENTARES DE APOIO ADMINISTRATIVO","Secretaria":"SECRETARIA DE INCLUS\u00c3O E DESENVOLVIMENTO SOCIAL","Contrato":"3005.01\/2022-8","Modalidade":"Contrato Original","Data In\u00edcio":"2025-02-10","Data Fim":null,"Credor":"COOPAC- COOPERATIVA DE TRABALHO, ASSEIO E CONSERVA\u00c7\u00c3O","Documento Credor":"44.***.***\/****-41"},{"Nome":"MARIA ROSINEIDE DO NASCIMENTO SOUSA","Cargo":"SERV.COMPLEMENTARES DE SERV.GERAIS","Secretaria":"SECRETARIA DE INCLUS\u00c3O E DESENVOLVIMENTO SOCIAL","Contrato":"3005.01\/2022-8","Modalidade":"Contrato Original","Data In\u00edcio":"2025-02-10","Data Fim":null,"Credor":"COOPAC- COOPERATIVA DE TRABALHO, ASSEIO E CONSERVA\u00c7\u00c3O","Documento Credor":"44.***.***\/****-41"},{"Nome":"MARIA SILVA DO NASCIMENTO","Cargo":"SERV.COMPLEMENTARES DE APOIO ADMINISTRATIVO","Secretaria":"SECRETARIA DE INCLUS\u00c3O E DESENVOLVIMENTO SOCIAL","Contrato":"3005.01\/2022-8","Modalidade":"Contrato Original","Data In\u00edcio":"2025-02-10","Data Fim":null,"Credor":"COOPAC- COOPERATIVA DE TRABALHO, ASSEIO E CONSERVA\u00c7\u00c3O","Documento Credor":"44.***.***\/****-41"},{"Nome":"ANDREIA GOMES MOREIRA ALBUQUERQUE","Cargo":"SERV.COMPLEMENTARES DE APOIO ADMINISTRATIVO","Secretaria":"SECRETARIA DE INCLUS\u00c3O E DESENVOLVIMENTO SOCIAL","Contrato":"3005.01\/2022-8","Modalidade":"Contrato Original","Data In\u00edcio":"2025-02-10","Data Fim":null,"Credor":"COOPAC- COOPERATIVA DE TRABALHO, ASSEIO E CONSERVA\u00c7\u00c3O","Documento Credor":"44.***.***\/****-41"},{"Nome":"MARIA ISABEL GOMES MOREIRA","Cargo":"SERV.COMPLEMENTARES DE SERV.GERAIS","Secretaria":"SECRETARIA DE INCLUS\u00c3O E DESENVOLVIMENTO SOCIAL","Contrato":"3005.01\/2022-8","Modalidade":"Contrato Original","Data In\u00edcio":"2025-02-10","Data Fim":null,"Credor":"COOPAC- COOPERATIVA DE TRABALHO, ASSEIO E CONSERVA\u00c7\u00c3O","Documento Credor":"44.***.***\/****-41"},{"Nome":"CREUZA MARTINS ALBUQUERQUE","Cargo":"SERV.COMPLEMENTARES DE APOIO ADMINISTRATIVO","Secretaria":"SECRETARIA DE INCLUS\u00c3O E DESENVOLVIMENTO SOCIAL","Contrato":"3005.01\/2022-8","Modalidade":"Contrato Original","Data In\u00edcio":"2025-02-10","Data Fim":null,"Credor":"COOPAC- COOPERATIVA DE TRABALHO, ASSEIO E CONSERVA\u00c7\u00c3O","Documento Credor":"44.***.***\/****-41"},{"Nome":"VANEUDA MARIA DA COSTA","Cargo":"SERV.COMPLEMENTARES DE SERV.GERAIS","Secretaria":"SECRETARIA DE INCLUS\u00c3O E DESENVOLVIMENTO SOCIAL","Contrato":"3005.01\/2022-8","Modalidade":"Contrato Original","Data In\u00edcio":"2025-02-10","Data Fim":null,"Credor":"COOPAC- COOPERATIVA DE TRABALHO, ASSEIO E CONSERVA\u00c7\u00c3O","Documento Credor":"44.***.***\/****-41"},{"Nome":"ELIETE DINIZ SOUSA ROCHA","Cargo":"SERV.COMPLEMENTARES DE SERV.GERAIS","Secretaria":"SECRETARIA DE INCLUS\u00c3O E DESENVOLVIMENTO SOCIAL","Contrato":"3005.01\/2022-8","Modalidade":"Contrato Original","Data In\u00edcio":"2025-02-10","Data Fim":null,"Credor":"COOPAC- COOPERATIVA DE TRABALHO, ASSEIO E CONSERVA\u00c7\u00c3O","Documento Credor":"44.***.***\/****-41"},{"Nome":"MARILENE ALCANTARA FREIRE VIEIRA","Cargo":"SERV.COMPLEMENTARES DE SERV.GERAIS","Secretaria":"SECRETARIA DE INCLUS\u00c3O E DESENVOLVIMENTO SOCIAL","Contrato":"3005.01\/2022-8","Modalidade":"Contrato Original","Data In\u00edcio":"2025-02-10","Data Fim":null,"Credor":"COOPAC- COOPERATIVA DE TRABALHO, ASSEIO E CONSERVA\u00c7\u00c3O","Documento Credor":"44.***.***\/****-41"},{"Nome":"ANTONIO CARNEIRO DA SILVA","Cargo":"SERV.COMPLEMENTARES DE APOIO ADMINISTRATIVO","Secretaria":"SECRETARIA DE INCLUS\u00c3O E DESENVOLVIMENTO SOCIAL","Contrato":"3005.01\/2022-8","Modalidade":"Contrato Original","Data In\u00edcio":"2025-02-10","Data Fim":null,"Credor":"COOPAC- COOPERATIVA DE TRABALHO, ASSEIO E CONSERVA\u00c7\u00c3O","Documento Credor":"44.***.***\/****-41"},{"Nome":"MARIA AUCENIA XIMENES ALBUQUERQUE","Cargo":"SERV.COMPLEMENTARES DE SERV.GERAIS","Secretaria":"SECRETARIA DE INCLUS\u00c3O E DESENVOLVIMENTO SOCIAL","Contrato":"3005.01\/2022-8","Modalidade":"Contrato Original","Data In\u00edcio":"2025-02-10","Data Fim":null,"Credor":"COOPAC- COOPERATIVA DE TRABALHO, ASSEIO E CONSERVA\u00c7\u00c3O","Documento Credor":"44.***.***\/****-41"},{"Nome":"MARIA IVONIRA ARAUJO AGUIAR FARIAS","Cargo":"SERV.COMPLEMENTARES DE APOIO ADMINISTRATIVO","Secretaria":"Gabinete da Prefeita","Contrato":"3005.01\/2022-2","Modalidade":"Contrato Original","Data In\u00edcio":"2025-02-10","Data Fim":null,"Credor":"COOPAC- COOPERATIVA DE TRABALHO, ASSEIO E CONSERVA\u00c7\u00c3O","Documento Credor":"44.***.***\/****-41"},{"Nome":"CILEIDE FELIX DA SILVA","Cargo":"SERV.COMPLEMENTARES DE MOTORISTA","Secretaria":"SECRETARIA DE INFRAESTRUTURA, URBANISMO E MEIO AMBIENTE","Contrato":"3005.01\/2022-7","Modalidade":"Contrato Original","Data In\u00edcio":"2025-02-10","Data Fim":null,"Credor":"COOPAC- COOPERATIVA DE TRABALHO, ASSEIO E CONSERVA\u00c7\u00c3O","Documento Credor":"44.***.***\/****-41"},{"Nome":"ALEX SOUSA ARRUDA","Cargo":"SERV.COMPLEMENTARES DE APOIO ADMINISTRATIVO","Secretaria":"SECRETARIA DE INFRAESTRUTURA, URBANISMO E MEIO AMBIENTE","Contrato":"3005.01\/2022-7","Modalidade":"Contrato Original","Data In\u00edcio":"2025-02-10","Data Fim":null,"Credor":"COOPAC- COOPERATIVA DE TRABALHO, ASSEIO E CONSERVA\u00c7\u00c3O","Documento Credor":"44.***.***\/****-41"},{"Nome":"LUCAS ALVES FERREIRA NETO","Cargo":"SERV.COMPLEMENTARES DE APOIO ADMINISTRATIVO","Secretaria":"SECRETARIA DE INFRAESTRUTURA, URBANISMO E MEIO AMBIENTE","Contrato":"3005.01\/2022-7","Modalidade":"Contrato Original","Data In\u00edcio":"2025-02-10","Data Fim":null,"Credor":"COOPAC- COOPERATIVA DE TRABALHO, ASSEIO E CONSERVA\u00c7\u00c3O","Documento Credor":"44.***.***\/****-41"},{"Nome":"FRANCISCO LEONIDAS BRAND\u00c3O","Cargo":"SERV.COMPLEMENTARES DE APOIO ADMINISTRATIVO","Secretaria":"SECRETARIA DE INFRAESTRUTURA, URBANISMO E MEIO AMBIENTE","Contrato":"3005.01\/2022-7","Modalidade":"Contrato Original","Data In\u00edcio":"2025-02-10","Data Fim":null,"Credor":"COOPAC- COOPERATIVA DE TRABALHO, ASSEIO E CONSERVA\u00c7\u00c3O","Documento Credor":"44.***.***\/****-41"},{"Nome":"JOSUE ALBUQUERQUE ALVES FREIRE","Cargo":"SERV.COMPLEMENTARES DE APOIO ADMINISTRATIVO","Secretaria":"SECRETARIA DE INFRAESTRUTURA, URBANISMO E MEIO AMBIENTE","Contrato":"3005.01\/2022-7","Modalidade":"Contrato Original","Data In\u00edcio":"2025-02-10","Data Fim":null,"Credor":"COOPAC- COOPERATIVA DE TRABALHO, ASSEIO E CONSERVA\u00c7\u00c3O","Documento Credor":"44.***.***\/****-41"},{"Nome":"ELIAS AMARO SILVA","Cargo":"SERV.COMPLEMENTARES DE APOIO ADMINISTRATIVO","Secretaria":"SECRETARIA DE INFRAESTRUTURA, URBANISMO E MEIO AMBIENTE","Contrato":"3005.01\/2022-7","Modalidade":"Contrato Original","Data In\u00edcio":"2025-02-10","Data Fim":null,"Credor":"COOPAC- COOPERATIVA DE TRABALHO, ASSEIO E CONSERVA\u00c7\u00c3O","Documento Credor":"44.***.***\/****-41"},{"Nome":"FRANCISCO ANTONIO GOMES CARVALHO","Cargo":"SERV.COMPLEMENTARES DE APOIO ADMINISTRATIVO","Secretaria":"SECRETARIA DE INFRAESTRUTURA, URBANISMO E MEIO AMBIENTE","Contrato":"3005.01\/2022-7","Modalidade":"Contrato Original","Data In\u00edcio":"2025-02-10","Data Fim":null,"Credor":"COOPAC- COOPERATIVA DE TRABALHO, ASSEIO E CONSERVA\u00c7\u00c3O","Documento Credor":"44.***.***\/****-41"},{"Nome":"FRANCISCO FERREIRA DA SILVA","Cargo":"SERV.COMPLEMENTARES DE APOIO ADMINISTRATIVO","Secretaria":"SECRETARIA DE INFRAESTRUTURA, URBANISMO E MEIO AMBIENTE","Contrato":"3005.01\/2022-7","Modalidade":"Contrato Original","Data In\u00edcio":"2025-02-10","Data Fim":null,"Credor":"COOPAC- COOPERATIVA DE TRABALHO, ASSEIO E CONSERVA\u00c7\u00c3O","Documento Credor":"44.***.***\/****-41"},{"Nome":"JEFFERSON ALVES DO NASCIMENTO","Cargo":"SERV.COMPLEMENTARES DE APOIO ADMINISTRATIVO","Secretaria":"SECRETARIA DE INFRAESTRUTURA, URBANISMO E MEIO AMBIENTE","Contrato":"3005.01\/2022-7","Modalidade":"Contrato Original","Data In\u00edcio":"2025-02-10","Data Fim":null,"Credor":"COOPAC- COOPERATIVA DE TRABALHO, ASSEIO E CONSERVA\u00c7\u00c3O","Documento Credor":"44.***.***\/****-41"},{"Nome":"MARCOS MAGNO FIRMINO DOS SANTOS","Cargo":"SERV.COMPLEMENTARES DE APOIO ADMINISTRATIVO","Secretaria":"SECRETARIA DE INFRAESTRUTURA, URBANISMO E MEIO AMBIENTE","Contrato":"3005.01\/2022-7","Modalidade":"Contrato Original","Data In\u00edcio":"2025-02-10","Data Fim":null,"Credor":"COOPAC- COOPERATIVA DE TRABALHO, ASSEIO E CONSERVA\u00c7\u00c3O","Documento Credor":"44.***.***\/****-41"},{"Nome":"FRANCISCO LUCAS VIDAL PORTELA","Cargo":"SERV.COMPLEMENTARES DE APOIO ADMINISTRATIVO","Secretaria":"SECRETARIA DE INFRAESTRUTURA, URBANISMO E MEIO AMBIENTE","Contrato":"3005.01\/2022-7","Modalidade":"Contrato Original","Data In\u00edcio":"2025-02-10","Data Fim":null,"Credor":"COOPAC- COOPERATIVA DE TRABALHO, ASSEIO E CONSERVA\u00c7\u00c3O","Documento Credor":"44.***.***\/****-41"},{"Nome":"TIAGO COSTA DE OLIVEIRA","Cargo":"SERV.COMPLEMENTARES DE APOIO ADMINISTRATIVO","Secretaria":"SECRETARIA DE INFRAESTRUTURA, URBANISMO E MEIO AMBIENTE","Contrato":"3005.01\/2022-7","Modalidade":"Contrato Original","Data In\u00edcio":"2025-02-10","Data Fim":null,"Credor":"COOPAC- COOPERATIVA DE TRABALHO, ASSEIO E CONSERVA\u00c7\u00c3O","Documento Credor":"44.***.***\/****-41"},{"Nome":"NADIANE AGUIAR DA SILVA","Cargo":"SERV.COMPLEMENTARES DE SERV.GERAIS","Secretaria":"SECRETARIA DE INFRAESTRUTURA, URBANISMO E MEIO AMBIENTE","Contrato":"3005.01\/2022-7","Modalidade":"Contrato Original","Data In\u00edcio":"2025-02-10","Data Fim":null,"Credor":"COOPAC- COOPERATIVA DE TRABALHO, ASSEIO E CONSERVA\u00c7\u00c3O","Documento Credor":"44.***.***\/****-41"},{"Nome":"ANGELICA MARIA DO SOCORRO  MELCHIOR DA SILVA","Cargo":"SERV.COMPLEMENTARES DE APOIO ADMINISTRATIVO","Secretaria":"SECRETARIA DE INFRAESTRUTURA, URBANISMO E MEIO AMBIENTE","Contrato":"3005.01\/2022-7","Modalidade":"Contrato Original","Data In\u00edcio":"2025-02-10","Data Fim":null,"Credor":"COOPAC- COOPERATIVA DE TRABALHO, ASSEIO E CONSERVA\u00c7\u00c3O","Documento Credor":"44.***.***\/****-41"},{"Nome":"VALDIRA SOUSA DE CARVALHO","Cargo":"SERV.COMPLEMENTARES DE APOIO ADMINISTRATIVO","Secretaria":"SECRETARIA DE INFRAESTRUTURA, URBANISMO E MEIO AMBIENTE","Contrato":"3005.01\/2022-7","Modalidade":"Contrato Original","Data In\u00edcio":"2025-02-10","Data Fim":null,"Credor":"COOPAC- COOPERATIVA DE TRABALHO, ASSEIO E CONSERVA\u00c7\u00c3O","Documento Credor":"44.***.***\/****-41"},{"Nome":"SIMONE MONTEIRO SALES","Cargo":"SERV.COMPLEMENTARES DE APOIO ADMINISTRATIVO","Secretaria":"SECRETARIA DE INFRAESTRUTURA, URBANISMO E MEIO AMBIENTE","Contrato":"3005.01\/2022-7","Modalidade":"Contrato Original","Data In\u00edcio":"2025-02-10","Data Fim":null,"Credor":"COOPAC- COOPERATIVA DE TRABALHO, ASSEIO E CONSERVA\u00c7\u00c3O","Documento Credor":"44.***.***\/****-41"},{"Nome":"PAULO SOARES DE OLIVEIRA","Cargo":"SERV.COMPLEMENTARES DE APOIO ADMINISTRATIVO","Secretaria":"SECRETARIA DE INFRAESTRUTURA, URBANISMO E MEIO AMBIENTE","Contrato":"3005.01\/2022-7","Modalidade":"Contrato Original","Data In\u00edcio":"2025-02-10","Data Fim":null,"Credor":"COOPAC- COOPERATIVA DE TRABALHO, ASSEIO E CONSERVA\u00c7\u00c3O","Documento Credor":"44.***.***\/****-41"},{"Nome":"MARIA RAIANE MELO RODRIGUES","Cargo":"SERV.COMPLEMENTARES DE APOIO ADMINISTRATIVO","Secretaria":"SECRETARIA DE INFRAESTRUTURA, URBANISMO E MEIO AMBIENTE","Contrato":"3005.01\/2022-7","Modalidade":"Contrato Original","Data In\u00edcio":"2025-02-10","Data Fim":null,"Credor":"COOPAC- COOPERATIVA DE TRABALHO, ASSEIO E CONSERVA\u00c7\u00c3O","Documento Credor":"44.***.***\/****-41"},{"Nome":"KELVIA GABRIEL LIMA","Cargo":"SERV.COMPLEMENTARES DE APOIO ADMINISTRATIVO","Secretaria":"SECRETARIA DE INFRAESTRUTURA, URBANISMO E MEIO AMBIENTE","Contrato":"3005.01\/2022-7","Modalidade":"Contrato Original","Data In\u00edcio":"2025-02-10","Data Fim":null,"Credor":"COOPAC- COOPERATIVA DE TRABALHO, ASSEIO E CONSERVA\u00c7\u00c3O","Documento Credor":"44.***.***\/****-41"},{"Nome":"KARLA LAIZA FREIRE ARAUJO","Cargo":"SERV.COMPLEMENTARES DE APOIO ADMINISTRATIVO","Secretaria":"SECRETARIA DE INFRAESTRUTURA, URBANISMO E MEIO AMBIENTE","Contrato":"3005.01\/2022-7","Modalidade":"Contrato Original","Data In\u00edcio":"2025-02-10","Data Fim":null,"Credor":"COOPAC- COOPERATIVA DE TRABALHO, ASSEIO E CONSERVA\u00c7\u00c3O","Documento Credor":"44.***.***\/****-41"},{"Nome":"HOSANAN RODRIGUES COSTA","Cargo":"SERV.COMPLEMENTARES DE APOIO ADMINISTRATIVO","Secretaria":"SECRETARIA DE INFRAESTRUTURA, URBANISMO E MEIO AMBIENTE","Contrato":"3005.01\/2022-7","Modalidade":"Contrato Original","Data In\u00edcio":"2025-02-10","Data Fim":null,"Credor":"COOPAC- COOPERATIVA DE TRABALHO, ASSEIO E CONSERVA\u00c7\u00c3O","Documento Credor":"44.***.***\/****-41"},{"Nome":"JOAQUIM GOMES ROCHA","Cargo":"SERV.COMPLEMENTARES DE SERV.GERAIS","Secretaria":"SECRETARIA DE INFRAESTRUTURA, URBANISMO E MEIO AMBIENTE","Contrato":"3005.01\/2022-7","Modalidade":"Contrato Original","Data In\u00edcio":"2025-02-10","Data Fim":null,"Credor":"COOPAC- COOPERATIVA DE TRABALHO, ASSEIO E CONSERVA\u00c7\u00c3O","Documento Credor":"44.***.***\/****-41"},{"Nome":"FERNANDO SOUSA DA SILVA","Cargo":"SERV.COMPLEMENTARES DE APOIO ADMINISTRATIVO","Secretaria":"SECRETARIA DE INFRAESTRUTURA, URBANISMO E MEIO AMBIENTE","Contrato":"3005.01\/2022-7","Modalidade":"Contrato Original","Data In\u00edcio":"2025-02-10","Data Fim":null,"Credor":"COOPAC- COOPERATIVA DE TRABALHO, ASSEIO E CONSERVA\u00c7\u00c3O","Documento Credor":"44.***.***\/****-41"},{"Nome":"ERIBERTO MARQUES DE SOUSA","Cargo":"SERV.COMPLEMENTARES DE VIGILANCIA","Secretaria":"SECRETARIA DE INFRAESTRUTURA, URBANISMO E MEIO AMBIENTE","Contrato":"3005.01\/2022-7","Modalidade":"Contrato Original","Data In\u00edcio":"2025-02-10","Data Fim":null,"Credor":"COOPAC- COOPERATIVA DE TRABALHO, ASSEIO E CONSERVA\u00c7\u00c3O","Documento Credor":"44.***.***\/****-41"},{"Nome":"ELENILSON DE SOUSA ARRUDA","Cargo":"SERV.COMPLEMENTARES DE APOIO ADMINISTRATIVO","Secretaria":"SECRETARIA DE INFRAESTRUTURA, URBANISMO E MEIO AMBIENTE","Contrato":"3005.01\/2022-7","Modalidade":"Contrato Original","Data In\u00edcio":"2025-02-10","Data Fim":null,"Credor":"COOPAC- COOPERATIVA DE TRABALHO, ASSEIO E CONSERVA\u00c7\u00c3O","Documento Credor":"44.***.***\/****-41"},{"Nome":"DIANA FLAVIA COSTA","Cargo":"SERV.COMPLEMENTARES DE APOIO ADMINISTRATIVO","Secretaria":"SECRETARIA DO DESENVOLVIMENTO ECON\u00d4MICO E EMPREENDEDORISMO","Contrato":"3005.01\/2022-7","Modalidade":"Contrato Original","Data In\u00edcio":"2025-02-10","Data Fim":null,"Credor":"COOPAC- COOPERATIVA DE TRABALHO, ASSEIO E CONSERVA\u00c7\u00c3O","Documento Credor":"44.***.***\/****-41"},{"Nome":"DAVI JOSE DE OLIVEIRA","Cargo":"SERV.COMPLEMENTARES DE APOIO ADMINISTRATIVO","Secretaria":"SECRETARIA DE INFRAESTRUTURA, URBANISMO E MEIO AMBIENTE","Contrato":"3005.01\/2022-7","Modalidade":"Contrato Original","Data In\u00edcio":"2025-02-10","Data Fim":null,"Credor":"COOPAC- COOPERATIVA DE TRABALHO, ASSEIO E CONSERVA\u00c7\u00c3O","Documento Credor":"44.***.***\/****-41"},{"Nome":"ANTONIA VITORIA MARQUES CUNHA","Cargo":"SERV.COMPLEMENTARES DE APOIO ADMINISTRATIVO","Secretaria":"SECRETARIA DE INFRAESTRUTURA, URBANISMO E MEIO AMBIENTE","Contrato":"3005.01\/2022-7","Modalidade":"Contrato Original","Data In\u00edcio":"2025-02-10","Data Fim":null,"Credor":"COOPAC- COOPERATIVA DE TRABALHO, ASSEIO E CONSERVA\u00c7\u00c3O","Documento Credor":"44.***.***\/****-41"},{"Nome":"ERMELINDA ANGELO ALCANTARA","Cargo":"SERV.COMPLEMENTARES DE APOIO ADMINISTRATIVO","Secretaria":"SECRETARIA DE ADMINISTRA\u00c7\u00c3O E PLANEJAMENTO","Contrato":"3005.01\/2022-1","Modalidade":"Contrato Original","Data In\u00edcio":null,"Data Fim":null,"Credor":"COOPAC- COOPERATIVA DE TRABALHO, ASSEIO E CONSERVA\u00c7\u00c3O","Documento Credor":"44.***.***\/****-41"},{"Nome":"ANTONIO MARCOS ALVES ARAUJO","Cargo":"SERV.COMPLEMENTARES DE APOIO ADMINISTRATIVO","Secretaria":"SECRETARIA DE ADMINISTRA\u00c7\u00c3O E PLANEJAMENTO","Contrato":"3005.01\/2022-1","Modalidade":"Contrato Original","Data In\u00edcio":null,"Data Fim":null,"Credor":"COOPAC- COOPERATIVA DE TRABALHO, ASSEIO E CONSERVA\u00c7\u00c3O","Documento Credor":"44.***.***\/****-41"}]